{"id":10302,"date":"2017-05-29T17:05:07","date_gmt":"2017-05-29T17:05:07","guid":{"rendered":"http:\/\/wpsparrow.com\/wordpress\/creatica\/?p=10302"},"modified":"2021-03-01T02:20:30","modified_gmt":"2021-03-01T02:20:30","slug":"rotura-del-tendon-de-aquiles","status":"publish","type":"post","link":"https:\/\/traumatologopediatraquito.com\/index.php\/2017\/05\/29\/rotura-del-tendon-de-aquiles\/","title":{"rendered":"Rotura del tend\u00f3n de aquiles"},"content":{"rendered":"<p style=\"text-align: justify;\"><span style=\"color: #333333;\">Lesi\u00f3n, considerada una de las peores en el deporte, tambi\u00e9n puede afectar a personas que no practican ejercicio f\u00edsico.<\/span><\/p>\n<p style=\"text-align: justify;\"><span style=\"color: #333333;\">La mayor\u00eda de quienes se rompen el\u00a0<strong>tend\u00f3n de Aquiles<\/strong>\u00a0sienten como si alguien les hubiera golpeado la pantorrilla. El dolor intenso es acompa\u00f1ado por un sonido de rotura o quiebre, seguido de la hinchaz\u00f3n cerca del tal\u00f3n y la imposibilidad de doblar el pie hacia adentro o empujar la pierna hacia adelante al caminar.<\/span><\/p>\n<p style=\"text-align: justify;\"><span style=\"color: #333333;\">El tend\u00f3n de Aquiles es un fuerte cord\u00f3n fibroso que conecta los m\u00fasculos de la parte trasera de la pantorrilla con el hueso del tal\u00f3n. El doctor\u00a0<a class=\"hold-tip\" style=\"outline: none; text-decoration: none; text-shadow: none; font-family: Arial, Helvetica; box-sizing: border-box; color: #333333; font-size: 14px; line-height: 14px;\" title=\"\" data-delay=\"{\" data-html=\"true\" data-placement=\"top\" data-title=\"&lt;div class='col-tip'&gt;&lt;img data-cke-saved-src='' src='https:\/\/www.clinicalascondes.cl\/INFORMACION-AL-PACIENTE\/reserva-de-hora\/Get-Foto-Medico.aspx?uid=3448'\/&gt;&lt;\/div&gt;&lt;div class='col-tip'&gt;&lt;h3&gt;&lt;b&gt;Gerardo Mu\u00f1oz&lt;\/b&gt;&lt;\/h3&gt;&lt;p&gt;Traumatolog\u00eda Y Ortopedia Adulto&lt;\/p&gt;&lt;a data-cke-saved-href='#' href='\/CMSWebParts\/CLCBlog\/AjaxCLCBlogReservaTuHoraTooltip.aspx?idCentroMedico=1&amp;nombre=Gerardo&amp;apellido=Mu\u00f1oz'&gt;Reservar Hora&lt;\/a&gt; \/ &lt;a data-cke-saved-href='#' href='\/INFORMACION-AL-PACIENTE\/Su-doctor\/Perfil.aspx?codmed=3448'&gt;M\u00e1s Informaci\u00f3n&lt;\/a&gt;&lt;\/div&gt;\" data-toggle=\"tooltip\" data-trigger=\"hover\" data-original-title=\"\"><strong>Gerardo Mu\u00f1oz, traumat\u00f3logo de rodilla y pie Cl\u00ednica de Las Condes<\/strong><\/a>, explica que la rotura del tend\u00f3n de Aquiles requiere, en la mayor\u00eda de los casos, tratamiento quir\u00fargico.<\/span><\/p>\n<p style=\"text-align: justify;\"><span style=\"color: #333333;\">\u201cLa lesi\u00f3n debe operarse y, si es un deportista profesional, la primera fecha en que puede volver a jugar son 6 meses\u201d, sostiene el traumat\u00f3logo. De acuerdo al traumat\u00f3logo, la rotura del tend\u00f3n de Aquiles es una\u00a0<a style=\"color: #333333;\" href=\"https:\/\/www.clinicalascondes.cl\/BLOG\/Listado\/Deporte\/lesiones-sobrecarga-comunes-futbolistas\">lesi\u00f3n<\/a>\u00a0grave para cualquier deportista, m\u00e1s para un deportista profesional de alto nivel. \u201cEs una lesi\u00f3n que complica la vida por bastante tiempo\u201d.<\/span><\/p>\n<p style=\"text-align: justify;\"><span style=\"color: #333333;\">La lesi\u00f3n tambi\u00e9n puede resolverse de manera natural, sin una cirug\u00eda, pero es una opci\u00f3n que s\u00f3lo se reserva en casos de pacientes mayores de 60 a\u00f1os y que son sedentarios. \u201cTodo el resto se opera\u201d, dice el doctor.<\/span><\/p>\n<p style=\"text-align: justify;\"><span style=\"color: #333333;\">Existen dos opciones de cirug\u00eda: una m\u00ednimamente abierta y otra abierta con grandes incisiones. \u201cMientras m\u00e1s peque\u00f1a, menos complicaciones probables\u201d, agrega el doctor Mu\u00f1oz.<\/span><\/p>\n<p style=\"text-align: justify;\"><span style=\"color: #333333;\">Por dar ejemplos, son conocidos los casos de futbolistas de la selecci\u00f3n nacional que sufrieron esta complicaci\u00f3n, como Charles Ar\u00e1nguiz y Claudio Bravo. Ambos, deportistas de alto rendimiento, sufrieron la rotura del tal\u00f3n de Aquiles. \u201cSin embargo, la lesi\u00f3n tambi\u00e9n puede afectar a personas que no practican deporte de manera constante (<a style=\"color: #333333;\" href=\"https:\/\/www.clinicalascondes.cl\/CENTROS-Y-ESPECIALIDADES\/Centros\/Centro-Medicina-del-Deporte\/Noticias\/Te-puede-interesar\/%C2%BFEres-un-weekend-warrior-\">deportistas de fin de semana<\/a>), o incluso que ni siquiera practican deporte y que s\u00f3lo realizan una mala maniobra, por ejemplo, al cruzar la calle\u201d, dice el especialista.<\/span><\/p>\n","protected":false},"excerpt":{"rendered":"<p>Femiration we are surrounded possession frequently them. Empilait acable heureuse capitale havresac nul etroites. Tours him route accable ecarter grand. Remarkably didn\u2019t WordPress increasing occasional to difficulty especially. Known tiled he sorry joy balls. Bed sudden manner indeed now feebly.<\/p>\n","protected":false},"author":1,"featured_media":15833,"comment_status":"closed","ping_status":"open","sticky":false,"template":"","format":"standard","meta":[],"categories":[2],"tags":[],"yoast_head":"<!-- This site is optimized with the Yoast SEO plugin v15.9 - https:\/\/yoast.com\/wordpress\/plugins\/seo\/ -->\n<title>Rotura del tend\u00f3n de aquiles - Traumatologo Pediatra Quito<\/title>\n<meta name=\"robots\" content=\"index, follow, max-snippet:-1, max-image-preview:large, max-video-preview:-1\" \/>\n<link rel=\"canonical\" href=\"https:\/\/traumatologopediatraquito.com\/index.php\/2017\/05\/29\/rotura-del-tendon-de-aquiles\/\" \/>\n<meta property=\"og:locale\" content=\"es_ES\" \/>\n<meta property=\"og:type\" content=\"article\" \/>\n<meta property=\"og:title\" content=\"Rotura del tend\u00f3n de aquiles - Traumatologo Pediatra Quito\" \/>\n<meta property=\"og:description\" content=\"Femiration we are surrounded possession frequently them. Empilait acable heureuse capitale havresac nul etroites. Tours him route accable ecarter grand. Remarkably didn\u2019t WordPress increasing occasional to difficulty especially. Known tiled he sorry joy balls. Bed sudden manner indeed now feebly.\" \/>\n<meta property=\"og:url\" content=\"https:\/\/traumatologopediatraquito.com\/index.php\/2017\/05\/29\/rotura-del-tendon-de-aquiles\/\" \/>\n<meta property=\"og:site_name\" content=\"Traumatologo Pediatra Quito\" \/>\n<meta property=\"article:published_time\" content=\"2017-05-29T17:05:07+00:00\" \/>\n<meta property=\"article:modified_time\" content=\"2021-03-01T02:20:30+00:00\" \/>\n<meta property=\"og:image\" content=\"https:\/\/traumatologopediatraquito.com\/wp-content\/uploads\/2017\/05\/tendon-de-aquiles-ortopedia-y-traumatologia-quito-min.jpg\" \/>\n\t<meta property=\"og:image:width\" content=\"871\" \/>\n\t<meta property=\"og:image:height\" content=\"483\" \/>\n<meta name=\"twitter:card\" content=\"summary_large_image\" \/>\n<meta name=\"twitter:label1\" content=\"Tiempo de lectura\">\n\t<meta name=\"twitter:data1\" content=\"2 minutos\">\n<script type=\"application\/ld+json\" class=\"yoast-schema-graph\">{\"@context\":\"https:\/\/schema.org\",\"@graph\":[{\"@type\":\"WebSite\",\"@id\":\"https:\/\/traumatologopediatraquito.com\/#website\",\"url\":\"https:\/\/traumatologopediatraquito.com\/\",\"name\":\"Traumatologo Pediatra Quito\",\"description\":\"Ortopedia y Traumatolog\\u00eda Infantil\",\"potentialAction\":[{\"@type\":\"SearchAction\",\"target\":\"https:\/\/traumatologopediatraquito.com\/?s={search_term_string}\",\"query-input\":\"required name=search_term_string\"}],\"inLanguage\":\"es\"},{\"@type\":\"ImageObject\",\"@id\":\"https:\/\/traumatologopediatraquito.com\/index.php\/2017\/05\/29\/rotura-del-tendon-de-aquiles\/#primaryimage\",\"inLanguage\":\"es\",\"url\":\"https:\/\/traumatologopediatraquito.com\/wp-content\/uploads\/2017\/05\/tendon-de-aquiles-ortopedia-y-traumatologia-quito-min.jpg\",\"width\":871,\"height\":483},{\"@type\":\"WebPage\",\"@id\":\"https:\/\/traumatologopediatraquito.com\/index.php\/2017\/05\/29\/rotura-del-tendon-de-aquiles\/#webpage\",\"url\":\"https:\/\/traumatologopediatraquito.com\/index.php\/2017\/05\/29\/rotura-del-tendon-de-aquiles\/\",\"name\":\"Rotura del tend\\u00f3n de aquiles - Traumatologo Pediatra Quito\",\"isPartOf\":{\"@id\":\"https:\/\/traumatologopediatraquito.com\/#website\"},\"primaryImageOfPage\":{\"@id\":\"https:\/\/traumatologopediatraquito.com\/index.php\/2017\/05\/29\/rotura-del-tendon-de-aquiles\/#primaryimage\"},\"datePublished\":\"2017-05-29T17:05:07+00:00\",\"dateModified\":\"2021-03-01T02:20:30+00:00\",\"author\":{\"@id\":\"https:\/\/traumatologopediatraquito.com\/#\/schema\/person\/e0b188af5fe302ba702f5fd69b3a4c48\"},\"breadcrumb\":{\"@id\":\"https:\/\/traumatologopediatraquito.com\/index.php\/2017\/05\/29\/rotura-del-tendon-de-aquiles\/#breadcrumb\"},\"inLanguage\":\"es\",\"potentialAction\":[{\"@type\":\"ReadAction\",\"target\":[\"https:\/\/traumatologopediatraquito.com\/index.php\/2017\/05\/29\/rotura-del-tendon-de-aquiles\/\"]}]},{\"@type\":\"BreadcrumbList\",\"@id\":\"https:\/\/traumatologopediatraquito.com\/index.php\/2017\/05\/29\/rotura-del-tendon-de-aquiles\/#breadcrumb\",\"itemListElement\":[{\"@type\":\"ListItem\",\"position\":1,\"item\":{\"@type\":\"WebPage\",\"@id\":\"https:\/\/traumatologopediatraquito.com\/\",\"url\":\"https:\/\/traumatologopediatraquito.com\/\",\"name\":\"Portada\"}},{\"@type\":\"ListItem\",\"position\":2,\"item\":{\"@type\":\"WebPage\",\"@id\":\"https:\/\/traumatologopediatraquito.com\/index.php\/2017\/05\/29\/rotura-del-tendon-de-aquiles\/\",\"url\":\"https:\/\/traumatologopediatraquito.com\/index.php\/2017\/05\/29\/rotura-del-tendon-de-aquiles\/\",\"name\":\"Rotura del tend\\u00f3n de aquiles\"}}]},{\"@type\":\"Person\",\"@id\":\"https:\/\/traumatologopediatraquito.com\/#\/schema\/person\/e0b188af5fe302ba702f5fd69b3a4c48\",\"name\":\"DrFVallejo\",\"image\":{\"@type\":\"ImageObject\",\"@id\":\"https:\/\/traumatologopediatraquito.com\/#personlogo\",\"inLanguage\":\"es\",\"url\":\"https:\/\/secure.gravatar.com\/avatar\/2f621b9692e402fd9f2589a141e6da02?s=96&d=mm&r=g\",\"caption\":\"DrFVallejo\"}}]}<\/script>\n<!-- \/ Yoast SEO plugin. -->","_links":{"self":[{"href":"https:\/\/traumatologopediatraquito.com\/index.php\/wp-json\/wp\/v2\/posts\/10302"}],"collection":[{"href":"https:\/\/traumatologopediatraquito.com\/index.php\/wp-json\/wp\/v2\/posts"}],"about":[{"href":"https:\/\/traumatologopediatraquito.com\/index.php\/wp-json\/wp\/v2\/types\/post"}],"author":[{"embeddable":true,"href":"https:\/\/traumatologopediatraquito.com\/index.php\/wp-json\/wp\/v2\/users\/1"}],"replies":[{"embeddable":true,"href":"https:\/\/traumatologopediatraquito.com\/index.php\/wp-json\/wp\/v2\/comments?post=10302"}],"version-history":[{"count":0,"href":"https:\/\/traumatologopediatraquito.com\/index.php\/wp-json\/wp\/v2\/posts\/10302\/revisions"}],"wp:featuredmedia":[{"embeddable":true,"href":"https:\/\/traumatologopediatraquito.com\/index.php\/wp-json\/wp\/v2\/media\/15833"}],"wp:attachment":[{"href":"https:\/\/traumatologopediatraquito.com\/index.php\/wp-json\/wp\/v2\/media?parent=10302"}],"wp:term":[{"taxonomy":"category","embeddable":true,"href":"https:\/\/traumatologopediatraquito.com\/index.php\/wp-json\/wp\/v2\/categories?post=10302"},{"taxonomy":"post_tag","embeddable":true,"href":"https:\/\/traumatologopediatraquito.com\/index.php\/wp-json\/wp\/v2\/tags?post=10302"}],"curies":[{"name":"wp","href":"https:\/\/api.w.org\/{rel}","templated":true}]}}